{"id":15252,"date":"2019-05-27T07:17:11","date_gmt":"2019-05-27T10:17:11","guid":{"rendered":"http:\/\/157.245.141.11\/site\/?p=15252"},"modified":"2019-05-27T07:23:24","modified_gmt":"2019-05-27T10:23:24","slug":"ise-gropius-frau-bauhaus","status":"publish","type":"post","link":"https:\/\/goethebrasilia.org.br\/de\/blog\/ise-gropius-frau-bauhaus\/","title":{"rendered":"Ise Gropius &#8211; &#8222;Frau Bauhaus&#8220;"},"content":{"rendered":"<blockquote>\n<p style=\"text-align: justify;\">Ise Gropius foi uma mulher not\u00e1vel, ousada e corajosa, que tinha uma vis\u00e3o e vivia de acordo com sua est\u00e9tica e com tudo o que a Bauhaus representa.<\/p>\n<\/blockquote>\n<div id=\"attachment_15265\" style=\"width: 235px\" class=\"wp-caption alignleft\"><a href=\"https:\/\/goethebrasilia.org.br\/site\/wp-content\/uploads\/2019\/05\/Moholy_Lucia_Portrait_Ise_Gropius_1924.jpg\"><img aria-describedby=\"caption-attachment-15265\" decoding=\"async\" loading=\"lazy\" class=\"wp-image-15265 size-medium\" src=\"https:\/\/goethebrasilia.org.br\/site\/wp-content\/uploads\/2019\/05\/Moholy_Lucia_Portrait_Ise_Gropius_1924-225x300.jpg\" alt=\"\" width=\"225\" height=\"300\" srcset=\"https:\/\/goethebrasilia.org.br\/site\/wp-content\/uploads\/2019\/05\/Moholy_Lucia_Portrait_Ise_Gropius_1924-225x300.jpg 225w, https:\/\/goethebrasilia.org.br\/site\/wp-content\/uploads\/2019\/05\/Moholy_Lucia_Portrait_Ise_Gropius_1924-768x1026.jpg 768w, https:\/\/goethebrasilia.org.br\/site\/wp-content\/uploads\/2019\/05\/Moholy_Lucia_Portrait_Ise_Gropius_1924-766x1024.jpg 766w, https:\/\/goethebrasilia.org.br\/site\/wp-content\/uploads\/2019\/05\/Moholy_Lucia_Portrait_Ise_Gropius_1924.jpg 1497w\" sizes=\"(max-width: 225px) 100vw, 225px\" \/><\/a><p id=\"caption-attachment-15265\" class=\"wp-caption-text\">A jovem Ise Frank<\/p><\/div>\n<p style=\"text-align: justify;\">Ise Frank Gropius \u00e9 a primeira mulher a ser homenageada na s\u00e9rie \u201cMulheres na Bauhaus\u201d, nova s\u00e9rie da Biblioteca Goethe Bras\u00edlia em 2019.<\/p>\n<p style=\"text-align: justify;\">Esta grande mulher nasceu em Wiesbaden em 1897 e se casou aos 26 anos com Walter Gropius, fundador da Escola Bauhaus. Logo se apaixonou pela oportunidade de conhecer um novo mundo, desenvolvendo sua personalidade dentro da estrutura da Bauhaus. Ela entrou para trabalhar como secret\u00e1ria, editora, organizadora e \u201cparceira igualit\u00e1ria\u201d de Gropius.<\/p>\n<div id=\"attachment_15261\" style=\"width: 310px\" class=\"wp-caption alignright\"><a href=\"https:\/\/goethebrasilia.org.br\/site\/wp-content\/uploads\/2019\/05\/71-142229461-null-02-01-2019-16-54-56-410-.jpg\"><img aria-describedby=\"caption-attachment-15261\" decoding=\"async\" loading=\"lazy\" class=\"wp-image-15261 size-medium\" src=\"https:\/\/goethebrasilia.org.br\/site\/wp-content\/uploads\/2019\/05\/71-142229461-null-02-01-2019-16-54-56-410--300x151.jpg\" alt=\"\" width=\"300\" height=\"151\" srcset=\"https:\/\/goethebrasilia.org.br\/site\/wp-content\/uploads\/2019\/05\/71-142229461-null-02-01-2019-16-54-56-410--300x151.jpg 300w, https:\/\/goethebrasilia.org.br\/site\/wp-content\/uploads\/2019\/05\/71-142229461-null-02-01-2019-16-54-56-410--768x386.jpg 768w, https:\/\/goethebrasilia.org.br\/site\/wp-content\/uploads\/2019\/05\/71-142229461-null-02-01-2019-16-54-56-410--881x446.jpg 881w, https:\/\/goethebrasilia.org.br\/site\/wp-content\/uploads\/2019\/05\/71-142229461-null-02-01-2019-16-54-56-410-.jpg 936w\" sizes=\"(max-width: 300px) 100vw, 300px\" \/><\/a><p id=\"caption-attachment-15261\" class=\"wp-caption-text\">O casal Ise e Walter Gropius no in\u00edcio da Bauhaus<\/p><\/div>\n<div id=\"attachment_15256\" style=\"width: 310px\" class=\"wp-caption alignleft\"><a href=\"https:\/\/goethebrasilia.org.br\/site\/wp-content\/uploads\/2019\/05\/walter-and-ise-gropius.jpg\"><img aria-describedby=\"caption-attachment-15256\" decoding=\"async\" loading=\"lazy\" class=\"wp-image-15256 size-medium\" src=\"https:\/\/goethebrasilia.org.br\/site\/wp-content\/uploads\/2019\/05\/walter-and-ise-gropius-300x170.jpg\" alt=\"\" width=\"300\" height=\"170\" srcset=\"https:\/\/goethebrasilia.org.br\/site\/wp-content\/uploads\/2019\/05\/walter-and-ise-gropius-300x170.jpg 300w, https:\/\/goethebrasilia.org.br\/site\/wp-content\/uploads\/2019\/05\/walter-and-ise-gropius-768x434.jpg 768w, https:\/\/goethebrasilia.org.br\/site\/wp-content\/uploads\/2019\/05\/walter-and-ise-gropius-1024x579.jpg 1024w, https:\/\/goethebrasilia.org.br\/site\/wp-content\/uploads\/2019\/05\/walter-and-ise-gropius.jpg 1800w\" sizes=\"(max-width: 300px) 100vw, 300px\" \/><\/a><p id=\"caption-attachment-15256\" class=\"wp-caption-text\">Ise e Walter Gropius em momento de lazer<\/p><\/div>\n<p style=\"text-align: justify;\">Walter Gropius logo a estava chamando carinhosamente de \u201cFrau Bauhaus&#8220;, por\u00e9m Ise n\u00e3o se conteve apenas com atividades organizacionais e tamb\u00e9m trabalhava em projetos de design. Ise contribuiu com o design de interiores da &#8222;Casa dos Mestres&#8220; em Dessau, e inovou no projeto da cozinha, j\u00e1 que o conceito de cozinha aberta era algo at\u00e9 ent\u00e3o in\u00e9dito no design de interiores. O casal morou l\u00e1, ao lado de outros professores e estudantes da Bauhaus, no final dos anos 20, antes de se mudarem para Berlim e depois emigraram para a Gr\u00e3-Bretanha.<\/p>\n<div id=\"attachment_15285\" style=\"width: 310px\" class=\"wp-caption alignright\"><a href=\"https:\/\/goethebrasilia.org.br\/site\/wp-content\/uploads\/2019\/05\/csm_Gropius_Ise_Ozeandampfer_1928_6d8faf0fe7.jpg\"><img aria-describedby=\"caption-attachment-15285\" decoding=\"async\" loading=\"lazy\" class=\"wp-image-15285 size-medium\" src=\"https:\/\/goethebrasilia.org.br\/site\/wp-content\/uploads\/2019\/05\/csm_Gropius_Ise_Ozeandampfer_1928_6d8faf0fe7-300x221.jpg\" alt=\"\" width=\"300\" height=\"221\" srcset=\"https:\/\/goethebrasilia.org.br\/site\/wp-content\/uploads\/2019\/05\/csm_Gropius_Ise_Ozeandampfer_1928_6d8faf0fe7-300x221.jpg 300w, https:\/\/goethebrasilia.org.br\/site\/wp-content\/uploads\/2019\/05\/csm_Gropius_Ise_Ozeandampfer_1928_6d8faf0fe7.jpg 600w\" sizes=\"(max-width: 300px) 100vw, 300px\" \/><\/a><p id=\"caption-attachment-15285\" class=\"wp-caption-text\">&#8218;Im Stahlgewirr eines Ozeandampfers&#8216; \/ Foto: Ise Gropius, 1928<\/p><\/div>\n<p style=\"text-align: justify;\">Em Berlim Ise desenvolveu suas habilidades liter\u00e1rias como escritora, produziu artigos inspirados em suas viagens e em interesses pr\u00f3prios e ainda formulava as palestras de seu marido. Obteve reconhecimento p\u00fablico como escritora e editora no cat\u00e1logo \u201cBauhaus 1919-1928\u201d, publicado em 1938 em parceria com Walter Gropius e Herbert Bayer.<\/p>\n<div id=\"attachment_15263\" style=\"width: 310px\" class=\"wp-caption alignleft\"><a href=\"https:\/\/goethebrasilia.org.br\/site\/wp-content\/uploads\/2019\/05\/lincoln-house-1024x789.jpg\"><img aria-describedby=\"caption-attachment-15263\" decoding=\"async\" loading=\"lazy\" class=\"wp-image-15263 size-medium\" src=\"https:\/\/goethebrasilia.org.br\/site\/wp-content\/uploads\/2019\/05\/lincoln-house-1024x789-300x231.jpg\" alt=\"\" width=\"300\" height=\"231\" srcset=\"https:\/\/goethebrasilia.org.br\/site\/wp-content\/uploads\/2019\/05\/lincoln-house-1024x789-300x231.jpg 300w, https:\/\/goethebrasilia.org.br\/site\/wp-content\/uploads\/2019\/05\/lincoln-house-1024x789-768x592.jpg 768w, https:\/\/goethebrasilia.org.br\/site\/wp-content\/uploads\/2019\/05\/lincoln-house-1024x789.jpg 1024w\" sizes=\"(max-width: 300px) 100vw, 300px\" \/><\/a><p id=\"caption-attachment-15263\" class=\"wp-caption-text\">Exterior da Casa Gropius em Lincoln, EUA<\/p><\/div>\n<p style=\"text-align: justify;\">Posteriormente, em sua nova casa em Lincoln, Massachusetts, o casal continuou a promover os objetivos do movimento Bauhaus, organizando eventos para seus amigos e colegas, como Paul Klee, Wassily Kandinsky, Josef e Anni Albers. O projeto de sua casa em Lincoln prop\u00f5e um di\u00e1logo com a arquitetura tradicional de uma maneira moderna. Toda a casa \u00e9 uma personifica\u00e7\u00e3o dos princ\u00edpios da Bauhaus, desde utens\u00edlios de cozinha, mobili\u00e1rio, at\u00e9 cole\u00e7\u00f5es de arte &#8211; com muitas obras de artistas da Bauhaus.<\/p>\n<div id=\"attachment_15277\" style=\"width: 226px\" class=\"wp-caption alignright\"><a href=\"https:\/\/goethebrasilia.org.br\/site\/wp-content\/uploads\/2019\/05\/inside-1024x1024.jpg\"><img aria-describedby=\"caption-attachment-15277\" decoding=\"async\" loading=\"lazy\" class=\"wp-image-15277\" src=\"https:\/\/goethebrasilia.org.br\/site\/wp-content\/uploads\/2019\/05\/inside-1024x1024-300x300.jpg\" alt=\"\" width=\"216\" height=\"256\" \/><\/a><p id=\"caption-attachment-15277\" class=\"wp-caption-text\">Interior em estilo modernista com m\u00f3veis da Bauhaus<\/p><\/div>\n<p style=\"text-align: justify;\">Ise e Walter Gropius eram realmente um casal de poder, e, embora vivessem em um mundo com valores tradicionais, juntos eles conseguiram mudar a percep\u00e7\u00e3o de que uma casa n\u00e3o \u00e9 apenas uma propriedade, mas sim um lugar para se viver e fazer parte do movimento modernista.<\/p>\n<p style=\"text-align: justify;\">Ise abalou todos os conceitos da \u00e9poca por pertencer \u00e0 alta burguesia e querer trabalhar, e seu trabalho foi decisivo para seu reconhecimento, deixando de ser conhecida apenas como \u201cesposa de um grande homem\u201d.<\/p>\n<div id=\"attachment_15275\" style=\"width: 310px\" class=\"wp-caption aligncenter\"><a href=\"https:\/\/goethebrasilia.org.br\/site\/wp-content\/uploads\/2019\/05\/studio-1024x579.jpg\"><img aria-describedby=\"caption-attachment-15275\" decoding=\"async\" loading=\"lazy\" class=\"wp-image-15275 size-medium\" src=\"https:\/\/goethebrasilia.org.br\/site\/wp-content\/uploads\/2019\/05\/studio-1024x579-300x170.jpg\" alt=\"\" width=\"300\" height=\"170\" srcset=\"https:\/\/goethebrasilia.org.br\/site\/wp-content\/uploads\/2019\/05\/studio-1024x579-300x170.jpg 300w, https:\/\/goethebrasilia.org.br\/site\/wp-content\/uploads\/2019\/05\/studio-1024x579-768x434.jpg 768w, https:\/\/goethebrasilia.org.br\/site\/wp-content\/uploads\/2019\/05\/studio-1024x579.jpg 1024w\" sizes=\"(max-width: 300px) 100vw, 300px\" \/><\/a><p id=\"caption-attachment-15275\" class=\"wp-caption-text\">Ise e Walter sentados na cadeira Wassily, \u00edcone da Bauhaus<\/p><\/div>\n<h4><span style=\"font-weight: 400;\">Continue nos acompanhando e n\u00e3o perca o pr\u00f3ximo texto!<br \/>\n<\/span><span style=\"font-weight: 400;\">At\u00e9 mais!! <\/span><span style=\"font-weight: 400;\">?<\/span><br \/>\nAna Juliano<br \/>\nBibliotec\u00e1ria<\/h4>\n<h5>Fontes consultadas:<\/h5>\n<h5><a href=\"https:\/\/gir.rs\/love-story-walter-ise-gropius\/\" target=\"_blank\" rel=\"noopener noreferrer\">https:\/\/gir.rs\/love-story-walter-ise-gropius\/<\/a><br \/>\n<a href=\"https:\/\/www.bauhaus100.de\/das-bauhaus\/koepfe\/personen-aus-dem-umfeld-des-bauhauses\/ise-gropius\/\" target=\"_blank\" rel=\"noopener noreferrer\">https:\/\/www.bauhaus100.de\/das-bauhaus\/koepfe\/personen-aus-dem-umfeld-des-bauhauses\/ise-gropius\/<\/a><br \/>\n<a href=\"https:\/\/www.dw.com\/pt-br\/bauhaus-mundo-dominado-por-homens\/av-47191219\" target=\"_blank\" rel=\"noopener noreferrer\">https:\/\/www.dw.com\/pt-br\/bauhaus-mundo-dominado-por-homens\/av-47191219<\/a><br \/>\n<a href=\"https:\/\/www.deutschland.de\/pt-br\/topic\/cultura\/as-mulheres-da-bauhaus\" target=\"_blank\" rel=\"noopener noreferrer\">https:\/\/www.deutschland.de\/pt-br\/topic\/cultura\/as-mulheres-da-bauhaus<\/a><br \/>\n<a href=\"https:\/\/www.artsy.net\/article\/artsy-editorial-women-bauhaus-school\" target=\"_blank\" rel=\"noopener noreferrer\">https:\/\/www.artsy.net\/article\/artsy-editorial-women-bauhaus-school<\/a><\/h5>\n","protected":false},"excerpt":{"rendered":"<p>Ise Gropius foi uma mulher not\u00e1vel, ousada e corajosa, que tinha uma vis\u00e3o e vivia de acordo com sua est\u00e9tica e com tudo o que a Bauhaus representa. Ise Frank Gropius \u00e9 a primeira mulher a ser homenageada na s\u00e9rie \u201cMulheres na Bauhaus\u201d, nova s\u00e9rie da Biblioteca Goethe Bras\u00edlia em 2019. Esta grande mulher nasceu [&hellip;]<\/p>\n","protected":false},"author":9,"featured_media":15258,"comment_status":"open","ping_status":"open","sticky":false,"template":"","format":"standard","meta":{"inline_featured_image":false},"categories":[168],"tags":[],"acf":{"sidebar_banners":false,"sidebar_button_text":"","sidebar_button_link":"","sidebar_button_pos":"after","show_grade_table":[],"related_links_list":false,"related_files_list":false,"set_to_child":false,"slideshow_list":false},"_links":{"self":[{"href":"https:\/\/goethebrasilia.org.br\/de\/wp-json\/wp\/v2\/posts\/15252"}],"collection":[{"href":"https:\/\/goethebrasilia.org.br\/de\/wp-json\/wp\/v2\/posts"}],"about":[{"href":"https:\/\/goethebrasilia.org.br\/de\/wp-json\/wp\/v2\/types\/post"}],"author":[{"embeddable":true,"href":"https:\/\/goethebrasilia.org.br\/de\/wp-json\/wp\/v2\/users\/9"}],"replies":[{"embeddable":true,"href":"https:\/\/goethebrasilia.org.br\/de\/wp-json\/wp\/v2\/comments?post=15252"}],"version-history":[{"count":23,"href":"https:\/\/goethebrasilia.org.br\/de\/wp-json\/wp\/v2\/posts\/15252\/revisions"}],"predecessor-version":[{"id":15296,"href":"https:\/\/goethebrasilia.org.br\/de\/wp-json\/wp\/v2\/posts\/15252\/revisions\/15296"}],"wp:featuredmedia":[{"embeddable":true,"href":"https:\/\/goethebrasilia.org.br\/de\/wp-json\/wp\/v2\/media\/15258"}],"wp:attachment":[{"href":"https:\/\/goethebrasilia.org.br\/de\/wp-json\/wp\/v2\/media?parent=15252"}],"wp:term":[{"taxonomy":"category","embeddable":true,"href":"https:\/\/goethebrasilia.org.br\/de\/wp-json\/wp\/v2\/categories?post=15252"},{"taxonomy":"post_tag","embeddable":true,"href":"https:\/\/goethebrasilia.org.br\/de\/wp-json\/wp\/v2\/tags?post=15252"}],"curies":[{"name":"wp","href":"https:\/\/api.w.org\/{rel}","templated":true}]}}