{"id":15006,"date":"2019-04-23T11:26:38","date_gmt":"2019-04-23T14:26:38","guid":{"rendered":"http:\/\/157.245.141.11\/site\/?p=15006"},"modified":"2019-05-08T14:22:20","modified_gmt":"2019-05-08T17:22:20","slug":"verben-mit-festen-prapositionen-ui-credo","status":"publish","type":"post","link":"https:\/\/goethebrasilia.org.br\/de\/blog\/verben-mit-festen-prapositionen-ui-credo\/","title":{"rendered":"Verben mit festen Pr\u00e4positionen &#8211; ui! credo"},"content":{"rendered":"<h4>Hallo, Leute<\/h4>\n<p style=\"text-align: justify;\">Hoje gostaria de retomar o tema das preposi\u00e7\u00f5es em alem\u00e3o. Vou tentar usar um vocabul\u00e1rio bem simples, para aqueles alunos que n\u00e3o gostam muito de gram\u00e1tica n\u00e3o fugirem daqui, ok?! Porque no geral \u00e9 \u201ccredo\u201d o que eu escuto das pessoas, mas vou mostrar que esse tema das preposi\u00e7\u00f5es \u00e9 igualzinho em alem\u00e3o e em portugu\u00eas!<\/p>\n<p>Em portugu\u00eas dizemos:<\/p>\n<ul>\n<li>Voc\u00ea j\u00e1 <strong>falou com<\/strong> o Jo\u00e3o <strong>sobre<\/strong> o documento?<\/li>\n<li><strong>Estou<\/strong> t\u00e3o <strong>feliz com<\/strong> essa not\u00edcia!<\/li>\n<li><strong>Pense n<\/strong>isso!<\/li>\n<li>Voc\u00ea j\u00e1 <strong>escreveu para<\/strong> a Ana?<\/li>\n<li>Eu <strong>me<\/strong> <strong>interesso<\/strong> muito <strong>por<\/strong> esse tema.<\/li>\n<\/ul>\n<p style=\"text-align: justify;\">Ent\u00e3o, o verbo falar, por exemplo, \u201cpede\u201d as preposi\u00e7\u00f5es <strong>com\/sobre<\/strong>, a gente <strong>pensa em<\/strong> alguma coisa, <strong>escreve para<\/strong> algu\u00e9m, voc\u00ea <strong>fica feliz com<\/strong> alguma not\u00edcia ou <strong>por<\/strong> algu\u00e9m, n\u00e9?!<br \/>\nEm alem\u00e3o a situa\u00e7\u00e3o \u00e9 a mesma:<\/p>\n<ul>\n<li><strong>sprechen mit\/ \u00fcber<\/strong> &#8211; Ich <strong>spreche mit<\/strong> meinem Lehrer <strong>\u00fcber<\/strong> das Thema.<\/li>\n<li><strong>sich interessieren f\u00fcr<\/strong> &#8211; Ich <strong>interessiere<\/strong> mich <strong>f\u00fcr<\/strong> Kunst.<\/li>\n<li><strong>diskutieren \u00fcber<\/strong> &#8211; Wir <strong>diskutieren<\/strong> oft <strong>\u00fcber<\/strong> Politik.<\/li>\n<li><strong>denken an<\/strong> (ATEN\u00c7\u00c3O, aqui o an n\u00e3o \u00e9 \u00f3bvio) &#8211; Ich <strong>denke<\/strong> jeden Tag <strong>an<\/strong> dich!<\/li>\n<\/ul>\n<p style=\"text-align: justify;\">Muitas verbos \u201cpedem\u201d as mesmas preposi\u00e7\u00f5es em portugu\u00eas e em alem\u00e3o, mas algumas fogem \u00e0 nossa l\u00f3gica do portugu\u00eas, como por exemplo: <strong>denken an, warten auf, glauben an<\/strong>. Porque em portugu\u00eas dizemos que a gente pensa em alguma coisa, espera algo ou algu\u00e9m, acredita em algo, a\u00ed n\u00e3o ajuda, porque as preposi\u00e7\u00f5es s\u00e3o outras!<\/p>\n<p>Peguei uma lista da Pons para voc\u00eas darem uma olhada nesses verbos com preposi\u00e7\u00e3o fixa: <a href=\"https:\/\/de.pons.com\/shop\/download.php\/ecQHb\/a\/9156.pdf\" target=\"_blank\" rel=\"noopener noreferrer\">https:\/\/de.pons.com\/shop\/download.php\/ecQHb\/a\/9156.pdf<\/a><\/p>\n<p style=\"text-align: justify;\">\u00c9 uma lista longa e para ela realmente funcionar para cada um de voc\u00eas, \u00e9 importante trabalhar a lista. Isto quer dizer, voc\u00eas devem ver quais os verbos que voc\u00eas j\u00e1 conhecem da lista (provavelmente voc\u00eas n\u00e3o reconhecer\u00e3o muitos deles, mas n\u00e3o se preocupem), marquem o verbo e a preposi\u00e7\u00e3o, VEJAM O EXEMPLO, isto \u00e9 o mais importante.<\/p>\n<p style=\"text-align: justify;\">S\u00f3 mais uma coisa, se lembram do texto sobre as preposi\u00e7\u00f5es e as declina\u00e7\u00f5es em alem\u00e3o (n\u00e3o se lembram? cliquem <a href=\"https:\/\/goethebrasilia.org.br\/de\/blog\/preposicoes-queridas-parte-1\/\" target=\"_blank\" rel=\"noopener noreferrer\">aqui<\/a>)? Ent\u00e3o, se mit pede sempre Dativ, ent\u00e3o <strong>sprechen mit<\/strong> sempre ser\u00e1 seguido de Dativ \u2192 Ich <strong>spreche mit<\/strong> <span style=\"color: #0000ff;\">meinem Vater<\/span>\/ <span style=\"color: #339966;\">meinem Kind<\/span>\/ <span style=\"color: #ff0000;\">meiner Mutter<\/span>\/ <span style=\"color: #ffff00;\">meinen Kindern<\/span> dar\u00fcber. Vale a pena j\u00e1 marcar a declina\u00e7\u00e3o que vai ser utilizada e poupar tempo ; )<\/p>\n<h4>Bis zum n\u00e4chsten Mal!<br \/>\nTeresa<\/h4>\n","protected":false},"excerpt":{"rendered":"<p>Hallo, Leute Hoje gostaria de retomar o tema das preposi\u00e7\u00f5es em alem\u00e3o. Vou tentar usar um vocabul\u00e1rio bem simples, para aqueles alunos que n\u00e3o gostam muito de gram\u00e1tica n\u00e3o fugirem daqui, ok?! Porque no geral \u00e9 \u201ccredo\u201d o que eu escuto das pessoas, mas vou mostrar que esse tema das preposi\u00e7\u00f5es \u00e9 igualzinho em alem\u00e3o [&hellip;]<\/p>\n","protected":false},"author":9,"featured_media":15013,"comment_status":"open","ping_status":"open","sticky":false,"template":"","format":"standard","meta":{"inline_featured_image":false},"categories":[155],"tags":[],"acf":{"sidebar_banners":false,"sidebar_button_text":"","sidebar_button_link":"","sidebar_button_pos":"after","show_grade_table":[],"related_links_list":false,"related_files_list":false,"set_to_child":false,"slideshow_list":false},"_links":{"self":[{"href":"https:\/\/goethebrasilia.org.br\/de\/wp-json\/wp\/v2\/posts\/15006"}],"collection":[{"href":"https:\/\/goethebrasilia.org.br\/de\/wp-json\/wp\/v2\/posts"}],"about":[{"href":"https:\/\/goethebrasilia.org.br\/de\/wp-json\/wp\/v2\/types\/post"}],"author":[{"embeddable":true,"href":"https:\/\/goethebrasilia.org.br\/de\/wp-json\/wp\/v2\/users\/9"}],"replies":[{"embeddable":true,"href":"https:\/\/goethebrasilia.org.br\/de\/wp-json\/wp\/v2\/comments?post=15006"}],"version-history":[{"count":6,"href":"https:\/\/goethebrasilia.org.br\/de\/wp-json\/wp\/v2\/posts\/15006\/revisions"}],"predecessor-version":[{"id":15180,"href":"https:\/\/goethebrasilia.org.br\/de\/wp-json\/wp\/v2\/posts\/15006\/revisions\/15180"}],"wp:featuredmedia":[{"embeddable":true,"href":"https:\/\/goethebrasilia.org.br\/de\/wp-json\/wp\/v2\/media\/15013"}],"wp:attachment":[{"href":"https:\/\/goethebrasilia.org.br\/de\/wp-json\/wp\/v2\/media?parent=15006"}],"wp:term":[{"taxonomy":"category","embeddable":true,"href":"https:\/\/goethebrasilia.org.br\/de\/wp-json\/wp\/v2\/categories?post=15006"},{"taxonomy":"post_tag","embeddable":true,"href":"https:\/\/goethebrasilia.org.br\/de\/wp-json\/wp\/v2\/tags?post=15006"}],"curies":[{"name":"wp","href":"https:\/\/api.w.org\/{rel}","templated":true}]}}