{"id":14605,"date":"2019-03-07T08:14:27","date_gmt":"2019-03-07T11:14:27","guid":{"rendered":"http:\/\/157.245.141.11\/site\/?p=14605"},"modified":"2019-05-08T14:24:30","modified_gmt":"2019-05-08T17:24:30","slug":"horarios-parte-i-sendo-pontual-e-aprendendo-a-entender-os-horarios-na-estacao","status":"publish","type":"post","link":"https:\/\/goethebrasilia.org.br\/de\/blog\/horarios-parte-i-sendo-pontual-e-aprendendo-a-entender-os-horarios-na-estacao\/","title":{"rendered":"Hor\u00e1rios Parte I &#8211; Sendo Pontual e Aprendendo a Entender os Hor\u00e1rios na Esta\u00e7\u00e3o"},"content":{"rendered":"<h3><span style=\"font-weight: 400;\">Hallo, Leute!<\/span><\/h3>\n<p style=\"text-align: justify;\"><span style=\"font-weight: 400;\">Queria falar um pouco sobre os hor\u00e1rios em alem\u00e3o. Hoje al\u00e9m de aprender (ou revisar) sobre as horas, vamos falar um pouco sobre a cultura de hor\u00e1rio alem\u00e3, combinado?!<\/span><\/p>\n<p style=\"text-align: justify;\"><span style=\"font-weight: 400;\">Ent\u00e3o, pra in\u00edcio de conversa, os alem\u00e3es t\u00eam uma outra forma de lidar com o tempo do que no Brasil. Na Alemanha os minutos contam, o hor\u00e1rio do \u00f4nibus e do trem \u00e9 contado nos minutos 6:37, 14:58, 20:19\u2026 me lembro a primeira vez que peguei um trem sozinha na adolesc\u00eancia e achei que era piada- meu \u00f4nibus chegava na hora que queria no Rio de Janeiro e eu tinha apenas uma aproxima\u00e7\u00e3o &#8211; dependia da vontade dos deuses para chegar na hora da aula. <\/span><\/p>\n<p style=\"text-align: justify;\"><span style=\"font-weight: 400;\">Mas os alem\u00e3es t\u00eam toda raz\u00e3o, esperar pelo \u00f4nibus 4 minutos a mais na friaca do inverno faz toda diferen\u00e7a. Alem\u00e3es ent\u00e3o se planejam, chegam na festa no hor\u00e1rio marcado (essa coisa de chegar com 30 minutos de atraso \u00e9 meio falta de educa\u00e7\u00e3o), pegam o trem no hor\u00e1rio contado nos minutos\u2026 o motorista de \u00f4nibus n\u00e3o fica batendo papo, porque ele tem a responsabilidade de ser pontual.<\/span><\/p>\n<p style=\"text-align: justify;\"><span style=\"font-weight: 400;\">Isso n\u00e3o quer dizer que n\u00e3o haja atraso eventual, os trens atualmente n\u00e3o s\u00e3o mais t\u00e3o pontuais como antigamente, mas n\u00e3o tem compara\u00e7\u00e3o! Al\u00e9m disso, eles avisam quando haver\u00e1 atraso (mesmo se for um minuto), porque \u00e9 educado e porque as pessoas \u00e0s vezes pegam mais de um trem e podem perder a conex\u00e3o por causa do atraso.<\/span><\/p>\n<p style=\"text-align: justify;\"><span style=\"font-weight: 400;\">Nas esta\u00e7\u00f5es de trem, no aeroporto, nos locais p\u00fablicos a forma como o hor\u00e1rio \u00e9 informado \u00e9 diferente (no Brasil tamb\u00e9m, vale lembrar). E \u00e9 superrrr f\u00e1cil, basta ler:<\/span><\/p>\n<ul>\n<li style=\"font-weight: 400;\"><span style=\"font-weight: 400;\">10:19 = 10 Uhr neunzehn<\/span><\/li>\n<li style=\"font-weight: 400;\"><span style=\"font-weight: 400;\">17:14 = siebzehn Uhr vierzehn<\/span><\/li>\n<li style=\"font-weight: 400;\"><span style=\"font-weight: 400;\">18:20 = achtzehn Uhr zwanzig<\/span><\/li>\n<\/ul>\n<p><span style=\"font-weight: 400;\">Entenderam a regra? <\/span><\/p>\n<h3><span style=\"font-weight: 400;\">Info hora + UHR + info minuto <\/span><\/h3>\n<p><span style=\"font-weight: 400;\">Basta ler por extenso, resolvido o problema!<\/span><\/p>\n<p><span style=\"font-weight: 400;\">Em uma frase ficaria assim:<\/span><\/p>\n<ul>\n<li style=\"text-align: justify;\"><span style=\"font-weight: 400;\">Der Zug f\u00e4hrt um 19:14 Uhr (l\u00ea do jeito que ensinei acima- neunzehn Uhr vierzehn) los.<\/span><\/li>\n<li style=\"text-align: justify;\"><span style=\"font-weight: 400;\">Der Zug kommt um 7:54 Uhr in M\u00fcnchen an.<\/span><\/li>\n<\/ul>\n<p style=\"text-align: justify;\"><span style=\"font-weight: 400;\">Mas Teresa, porque o Uhr est\u00e1 depois do hor\u00e1rio na frase escrita? O jeito que a gente l\u00ea \u00e9 um pouco diferente do que est\u00e1 escrito?: SIM! <\/span><\/p>\n<p style=\"text-align: justify;\"><span style=\"font-weight: 400;\">O Uhr na escrita vem depois do n\u00famero para indicar que aquela informa\u00e7\u00e3o \u00e9 um hor\u00e1rio. Na hora de ler, tem que ler como eu mostrei acima. <\/span><\/p>\n<blockquote>\n<p style=\"text-align: justify;\"><span style=\"font-weight: 400;\">Ent\u00e3o, no trem, no aeroporto, no museu- a informa\u00e7\u00e3o vai ser dada assim para n\u00e3o haver d\u00favida. Tamb\u00e9m usamos esse \u201ehor\u00e1rio por extenso\u201c quando queremos informar um hor\u00e1rio preciso : \u201eUnser Zug f\u00e4hrt um 14:23 Uhr los. Beeile dich!\u201c<\/span><\/p>\n<\/blockquote>\n<p style=\"text-align: justify;\"><span style=\"font-weight: 400;\">No pr\u00f3ximo post falarei sobre a forma cotidiana de informar hor\u00e1rios (spoiler alert- \u00e9 bem parecido com o portugu\u00eas).<\/span><\/p>\n<p style=\"text-align: justify;\"><span style=\"font-weight: 400;\">Antes que eu me esque\u00e7a, fica a dica de tentar comprar uma passagem de trem na Alemanha, pela internet (s\u00f3 de brincadeira e para ganhar vocabul\u00e1rio e ter a experi\u00eancia \/ basta parar antes de colocar as informa\u00e7\u00f5es de cart\u00e3o de cr\u00e9dito) :<\/span><\/p>\n<h3><a href=\"https:\/\/www.bahn.de\/p\/view\/index.shtml\" target=\"_blank\" rel=\"noopener noreferrer\"><span style=\"font-weight: 400;\">https:\/\/www.bahn.de\/p\/view\/index.shtml<\/span><\/a><\/h3>\n<p><span style=\"font-weight: 400;\">(Tem tamb\u00e9m aplicativo para quem preferir\u2026 vejam em dbahn)<\/span><\/p>\n<h3><span style=\"font-weight: 400;\">Viel Spa\u00df e at\u00e9 a pr\u00f3xima!<\/span><\/h3>\n<h3><span style=\"font-weight: 400;\">Teresa<\/span><\/h3>\n","protected":false},"excerpt":{"rendered":"<p>Hallo, Leute! Queria falar um pouco sobre os hor\u00e1rios em alem\u00e3o. Hoje al\u00e9m de aprender (ou revisar) sobre as horas, vamos falar um pouco sobre a cultura de hor\u00e1rio alem\u00e3, combinado?! Ent\u00e3o, pra in\u00edcio de conversa, os alem\u00e3es t\u00eam uma outra forma de lidar com o tempo do que no Brasil. Na Alemanha os minutos [&hellip;]<\/p>\n","protected":false},"author":9,"featured_media":14609,"comment_status":"open","ping_status":"open","sticky":false,"template":"","format":"standard","meta":{"inline_featured_image":false},"categories":[155],"tags":[],"acf":{"sidebar_banners":false,"sidebar_button_text":"","sidebar_button_link":"","sidebar_button_pos":"after","show_grade_table":[],"related_links_list":false,"related_files_list":false,"set_to_child":false,"slideshow_list":false},"_links":{"self":[{"href":"https:\/\/goethebrasilia.org.br\/de\/wp-json\/wp\/v2\/posts\/14605"}],"collection":[{"href":"https:\/\/goethebrasilia.org.br\/de\/wp-json\/wp\/v2\/posts"}],"about":[{"href":"https:\/\/goethebrasilia.org.br\/de\/wp-json\/wp\/v2\/types\/post"}],"author":[{"embeddable":true,"href":"https:\/\/goethebrasilia.org.br\/de\/wp-json\/wp\/v2\/users\/9"}],"replies":[{"embeddable":true,"href":"https:\/\/goethebrasilia.org.br\/de\/wp-json\/wp\/v2\/comments?post=14605"}],"version-history":[{"count":5,"href":"https:\/\/goethebrasilia.org.br\/de\/wp-json\/wp\/v2\/posts\/14605\/revisions"}],"predecessor-version":[{"id":15182,"href":"https:\/\/goethebrasilia.org.br\/de\/wp-json\/wp\/v2\/posts\/14605\/revisions\/15182"}],"wp:featuredmedia":[{"embeddable":true,"href":"https:\/\/goethebrasilia.org.br\/de\/wp-json\/wp\/v2\/media\/14609"}],"wp:attachment":[{"href":"https:\/\/goethebrasilia.org.br\/de\/wp-json\/wp\/v2\/media?parent=14605"}],"wp:term":[{"taxonomy":"category","embeddable":true,"href":"https:\/\/goethebrasilia.org.br\/de\/wp-json\/wp\/v2\/categories?post=14605"},{"taxonomy":"post_tag","embeddable":true,"href":"https:\/\/goethebrasilia.org.br\/de\/wp-json\/wp\/v2\/tags?post=14605"}],"curies":[{"name":"wp","href":"https:\/\/api.w.org\/{rel}","templated":true}]}}