{"id":14201,"date":"2018-12-14T09:50:06","date_gmt":"2018-12-14T12:50:06","guid":{"rendered":"http:\/\/157.245.141.11\/site\/?p=14201"},"modified":"2019-05-08T14:26:28","modified_gmt":"2019-05-08T17:26:28","slug":"biscoitos-de-natal-alemaes","status":"publish","type":"post","link":"https:\/\/goethebrasilia.org.br\/de\/blog\/biscoitos-de-natal-alemaes\/","title":{"rendered":"Biscoitos de Natal alem\u00e3es"},"content":{"rendered":"<h3>Hallo, Leute!<\/h3>\n<p>Hoje eu queria propor uma atividade pouco usual, mas deliciosa, para voc\u00eas estudarem alem\u00e3o: Wollen wir backen?<\/p>\n<p>Nem todo mundo sabe, mas na Alemanha, nesta \u00e9poca do ano, as pessoas costumam fazer biscoitos de Natal e presentear amigos e vizinhos. Eu amo os biscoitos de Natal alem\u00e3es e as receitas costumam ser super simples! A fam\u00edlia inteira participa e mesmo os pequeninos v\u00e3o junto para a cozinha!<\/p>\n<blockquote><p>Este tipo de atividade, al\u00e9m de ser divertida, expande o vocabul\u00e1rio e faz com que voc\u00eas conhe\u00e7am um pouco mais da cultura alem\u00e3.<\/p><\/blockquote>\n<p><a href=\"https:\/\/goethebrasilia.org.br\/site\/wp-content\/uploads\/2018\/12\/receita-de-biscoito-de-natal.jpg\"><img decoding=\"async\" loading=\"lazy\" class=\"alignnone size-medium wp-image-14208\" src=\"https:\/\/goethebrasilia.org.br\/site\/wp-content\/uploads\/2018\/12\/receita-de-biscoito-de-natal-300x275.jpg\" alt=\"\" width=\"300\" height=\"275\" \/><\/a><\/p>\n<p><a href=\"https:\/\/www.daskochrezept.de\/rezepte\/grundteig-fuer-plaetzchen_209096.html\" target=\"_blank\" rel=\"noopener noreferrer\">Acesse aqui a receita<\/a><\/p>\n<p>Est\u00e1 e uma das receitas mais simples, se voc\u00eas n\u00e3o encontrarem o a\u00e7\u00facar de baunilha, basta acrescentar algumas gotas de baunilha \u00e0 receita -eu tamb\u00e9m adoro botar um pouco das raspas de lim\u00e3o, fica uma delicia!<\/p>\n<p>Para j\u00e1 iniciar a lista do vocabul\u00e1rio mais importante \u2026 :<\/p>\n<ul>\n<li>das Mehl &#8211; farinha<\/li>\n<li>der Zucker- a\u00e7\u00facar<\/li>\n<li>das Ei- ovo<\/li>\n<li>die Butter- manteiga<\/li>\n<li>die Mischung- mistura<\/li>\n<li>mischen &#8211; misturar<\/li>\n<\/ul>\n<p>E uma m\u00fasica de cozinhar infantil:<\/p>\n<p><a href=\"https:\/\/m.youtube.com\/watch?v=5UM3ecX69Jo\" target=\"_blank\" rel=\"noopener noreferrer\">Backe, backe Kuchen<\/a><\/p>\n<h4>At\u00e9 a pr\u00f3xima!<\/h4>\n<h4>Teresa Cavalcante<\/h4>\n","protected":false},"excerpt":{"rendered":"<p>Hallo, Leute! Hoje eu queria propor uma atividade pouco usual, mas deliciosa, para voc\u00eas estudarem alem\u00e3o: Wollen wir backen? Nem todo mundo sabe, mas na Alemanha, nesta \u00e9poca do ano, as pessoas costumam fazer biscoitos de Natal e presentear amigos e vizinhos. Eu amo os biscoitos de Natal alem\u00e3es e as receitas costumam ser super [&hellip;]<\/p>\n","protected":false},"author":9,"featured_media":14202,"comment_status":"open","ping_status":"open","sticky":false,"template":"","format":"standard","meta":{"inline_featured_image":false},"categories":[155],"tags":[],"acf":{"sidebar_banners":false,"sidebar_button_text":"","sidebar_button_link":"","sidebar_button_pos":"after","show_grade_table":[],"related_links_list":false,"related_files_list":false,"set_to_child":false,"slideshow_list":false},"_links":{"self":[{"href":"https:\/\/goethebrasilia.org.br\/de\/wp-json\/wp\/v2\/posts\/14201"}],"collection":[{"href":"https:\/\/goethebrasilia.org.br\/de\/wp-json\/wp\/v2\/posts"}],"about":[{"href":"https:\/\/goethebrasilia.org.br\/de\/wp-json\/wp\/v2\/types\/post"}],"author":[{"embeddable":true,"href":"https:\/\/goethebrasilia.org.br\/de\/wp-json\/wp\/v2\/users\/9"}],"replies":[{"embeddable":true,"href":"https:\/\/goethebrasilia.org.br\/de\/wp-json\/wp\/v2\/comments?post=14201"}],"version-history":[{"count":5,"href":"https:\/\/goethebrasilia.org.br\/de\/wp-json\/wp\/v2\/posts\/14201\/revisions"}],"predecessor-version":[{"id":15185,"href":"https:\/\/goethebrasilia.org.br\/de\/wp-json\/wp\/v2\/posts\/14201\/revisions\/15185"}],"wp:featuredmedia":[{"embeddable":true,"href":"https:\/\/goethebrasilia.org.br\/de\/wp-json\/wp\/v2\/media\/14202"}],"wp:attachment":[{"href":"https:\/\/goethebrasilia.org.br\/de\/wp-json\/wp\/v2\/media?parent=14201"}],"wp:term":[{"taxonomy":"category","embeddable":true,"href":"https:\/\/goethebrasilia.org.br\/de\/wp-json\/wp\/v2\/categories?post=14201"},{"taxonomy":"post_tag","embeddable":true,"href":"https:\/\/goethebrasilia.org.br\/de\/wp-json\/wp\/v2\/tags?post=14201"}],"curies":[{"name":"wp","href":"https:\/\/api.w.org\/{rel}","templated":true}]}}