{"id":14091,"date":"2018-12-06T12:42:34","date_gmt":"2018-12-06T15:42:34","guid":{"rendered":"http:\/\/157.245.141.11\/site\/?p=14091"},"modified":"2018-12-07T08:05:24","modified_gmt":"2018-12-07T11:05:24","slug":"diario-de-viagem-e-estudos-em-munique","status":"publish","type":"post","link":"https:\/\/goethebrasilia.org.br\/de\/blog\/diario-de-viagem-e-estudos-em-munique\/","title":{"rendered":"Di\u00e1rio de Viagem e Estudos em Munique"},"content":{"rendered":"<h3>Acompanhe um di\u00e1rio de viagem e estudos da aluna Ana Paula\u00a0em Munique<\/h3>\n<h4 style=\"text-align: justify;\"><span style=\"font-weight: 400;\">Hallo Leute! <\/span><\/h4>\n<p style=\"text-align: justify;\"><span style=\"font-weight: 400;\">A partir de hoje voce\u0302s acompanhara\u0303o no blog do Goethe-Zentrum Brasi\u0301lia um dia\u0301rio de viagem, estudo, turismo e aprendizado cultural segundo a perspectiva de uma brasileira que est\u00e1 passando um me\u0302s em Munique, capital do estado da Baviera (ou Bav\u00e1ria), na Alemanha. Ao longo do tempo, contarei como est\u00e1 sendo a experie\u0302ncia de fazer um curso na terra da selec\u0327a\u0303o de futebol que arrasou a brasileira com um placar de 7 x 1 durante a Copa de 2014.<\/span><\/p>\n<div id=\"attachment_14092\" style=\"width: 310px\" class=\"wp-caption alignleft\"><a href=\"https:\/\/goethebrasilia.org.br\/site\/wp-content\/uploads\/2018\/12\/Marienplatz-e1544103943323.jpg\"><img aria-describedby=\"caption-attachment-14092\" decoding=\"async\" loading=\"lazy\" class=\"wp-image-14092 size-medium\" src=\"https:\/\/goethebrasilia.org.br\/site\/wp-content\/uploads\/2018\/12\/Marienplatz-300x225.jpg\" alt=\"\" width=\"300\" height=\"225\" \/><\/a><p id=\"caption-attachment-14092\" class=\"wp-caption-text\">A famosa e bela Marienplatz, um dos principais cart\u00f5es-postais de Munique<\/p><\/div>\n<p style=\"text-align: justify;\"><span style=\"font-weight: 400;\">O que (eu acredito que) ficara\u0301 muito claro ao longo dos posts e\u0301 que o pai\u0301s de Beethoven, Einstein, Nietzsche, Lutero e Goethe vai muito ale\u0301m dos estereo\u0301tipos. Ao ouvir a palavra \u201cAlemanha\u201d, na\u0303o seria estranho se voce\u0302 pensasse em Volkswagen, salsicha\u0303o, cerveja, Oktoberfest, nazismo, irma\u0303os Grimm, Angela Merkel, Heidi Klum e Michael Schumacher&#8230; <\/span><\/p>\n<p style=\"text-align: justify;\"><span style=\"font-weight: 400;\">Se esse foi o caso, aproveite a oportunidade para desmistificar o senso comum: acompanhe os posts semanais para saber mais da nac\u0327a\u0303o mais rica e populosa da Europa, que aprendeu muito com os erros do passado, a partir da perspectiva de uma brasileira. Mas, primeiro, deixe-me apresentar: meu nome \u00e9 Ana Paula Lisboa, tenho 26 anos, sou jornalista e estudo alem\u00e3o desde 2011, quando fiz um interc\u00e2mbio em Giessen, no estado de Hessen, na Alemanha.<\/span><\/p>\n<div id=\"attachment_14098\" style=\"width: 310px\" class=\"wp-caption alignright\"><a href=\"https:\/\/goethebrasilia.org.br\/site\/wp-content\/uploads\/2018\/12\/Eu-em-Munique.jpg\"><img aria-describedby=\"caption-attachment-14098\" decoding=\"async\" loading=\"lazy\" class=\"wp-image-14098 size-medium\" src=\"https:\/\/goethebrasilia.org.br\/site\/wp-content\/uploads\/2018\/12\/Eu-em-Munique-300x225.jpg\" alt=\"\" width=\"300\" height=\"225\" \/><\/a><p id=\"caption-attachment-14098\" class=\"wp-caption-text\">A aluna Ana Paula Lisboa, que viajou para Munique com bolsa do Goethe-Zentrum Bras\u00edlia<\/p><\/div>\n<p style=\"text-align: justify;\"><span style=\"font-weight: 400;\">Quando voltei de l\u00e1, em 2012, comecei a estudar no Goethe-Zentrum Bras\u00edlia. Este ano, ganhei uma bolsa dessa institui\u00e7\u00e3o para fazer um curso intensivo em terras germ\u00e2nicas. E foi assim que eu vim parar na Alemanha pela segunda vez na vida! Ale\u0301m de aperfeic\u0327oar meu alema\u0303o e aproveitar o que a temporada fora tem a oferecer, meu grande objetivo com a viagem \u00e9 mostrar, por meio desse blog, que a Alemanha e\u0301 muito mais do que parece. <\/span><\/p>\n<p style=\"text-align: justify;\"><span style=\"font-weight: 400;\">Comecei a aprender as primeiras palavras em alema\u0303o h\u00e1 cerca de sete anos e, mesmo sendo um idioma falado por pelo menos 90 milho\u0303es de nativos em seis pai\u0301ses e 80 milho\u0303es de pessoas como li\u0301ngua estrangeira, ainda e\u0301 comum ouvir a pergunta \u201cpor qu\u00ea&#8220;? A maior parte dos brasileiros sabe muito pouco sobre a Alemanha. Especialmente sobre o cotidiano, o comportamento e as conversas nas ruas e nos espa\u00e7os p\u00fablicos. Ent\u00e3o, fica o convite para desbravar um pouco desse pa\u00eds a partir desse canal.<\/span><\/p>\n<p>&nbsp;<\/p>\n<div id=\"attachment_14102\" style=\"width: 235px\" class=\"wp-caption alignleft\"><a href=\"https:\/\/goethebrasilia.org.br\/site\/wp-content\/uploads\/2018\/12\/Casa-em-Munique2-e1544110301640.jpg\"><img aria-describedby=\"caption-attachment-14102\" decoding=\"async\" loading=\"lazy\" class=\"size-medium wp-image-14102\" src=\"https:\/\/goethebrasilia.org.br\/site\/wp-content\/uploads\/2018\/12\/Casa-em-Munique2-225x300.jpg\" alt=\"\" width=\"225\" height=\"300\" \/><\/a><p id=\"caption-attachment-14102\" class=\"wp-caption-text\">\u00c1rea residencial em Munique, na regi\u00e3o de Laim<\/p><\/div>\n<h4><b>Primeiros passos: chegando de S-Bahn<\/b><\/h4>\n<p style=\"text-align: justify;\"><span style=\"font-weight: 400;\">Os primeiros dias em Munique t\u00eam sido intensos, e o alem\u00e3o \u00e9 colocado \u00e0 prova a todo instante, desde a pr\u00f3pria chegada. Depois de desembarcar, com uma mala enorme, o primeiro \u201cdesafio\u201d foi descobrir qual o melhor t\u00edquete de S-Bahn (Stadtschnellbahn, ou trem urbano r\u00e1pido) a comprar para ir do aeroporto at\u00e9 o distrito de Laim, onde fica uma das resid\u00eancias estudantis do Goethe-Institut na cidade.<\/span><\/p>\n<div id=\"attachment_14100\" style=\"width: 231px\" class=\"wp-caption alignright\"><a href=\"https:\/\/goethebrasilia.org.br\/site\/wp-content\/uploads\/2018\/12\/Hauptbahnhof-2.jpg\"><img aria-describedby=\"caption-attachment-14100\" decoding=\"async\" loading=\"lazy\" class=\"size-medium wp-image-14100\" src=\"https:\/\/goethebrasilia.org.br\/site\/wp-content\/uploads\/2018\/12\/Hauptbahnhof-2-221x300.jpg\" alt=\"\" width=\"221\" height=\"300\" srcset=\"https:\/\/goethebrasilia.org.br\/site\/wp-content\/uploads\/2018\/12\/Hauptbahnhof-2-221x300.jpg 221w, https:\/\/goethebrasilia.org.br\/site\/wp-content\/uploads\/2018\/12\/Hauptbahnhof-2-768x1045.jpg 768w, https:\/\/goethebrasilia.org.br\/site\/wp-content\/uploads\/2018\/12\/Hauptbahnhof-2-753x1024.jpg 753w, https:\/\/goethebrasilia.org.br\/site\/wp-content\/uploads\/2018\/12\/Hauptbahnhof-2.jpg 1447w\" sizes=\"(max-width: 221px) 100vw, 221px\" \/><\/a><p id=\"caption-attachment-14100\" class=\"wp-caption-text\">A esta\u00e7\u00e3o central de trem de Munique<\/p><\/div>\n<p style=\"text-align: justify;\"><span style=\"font-weight: 400;\">H\u00e1 muitas op\u00e7\u00f5es de bilhetes, incluindo de uso \u00fanico, por um dia, tr\u00eas dias, uma semana, um m\u00eas\u2026 Outra confus\u00e3o, \u00e0s vezes, ocorre com o \u201calcance\u201d do t\u00edquete, pois o sistema de transporte de Munique \u00e9 composto por zonas, e o pre\u00e7o da viagem varia conforme o n\u00famero de regi\u00f5es pelas quais voc\u00ea precisar\u00e1 circular. O aeroporto e a minha hospedagem ficam em zonas diferentes. J\u00e1 o Goethe-Institut e a minha resid\u00eancia aqui fazem parte da mesma zona central (Innenraum).<\/span><\/p>\n<p style=\"text-align: justify;\"><span style=\"font-weight: 400;\">Mesmo estudando alem\u00e3o h\u00e1 certo tempo, tive dificuldade com a m\u00e1quina autom\u00e1tica (que tamb\u00e9m est\u00e1 dispon\u00edvel em outras l\u00ednguas, como ingl\u00eas e espanhol). Ent\u00e3o, eu me dirigi para o balc\u00e3o presencial. Um funcion\u00e1rio muito sol\u00edcito me explicou tudo que eu precisava em alem\u00e3o e sa\u00ed de l\u00e1 com um t\u00edquete que d\u00e1 direito a acessar toda a rede quantas vezes quiser no per\u00edodo de um dia (expirando \u00e0s 6h do dia seguinte). Valor: 13 EUR<\/span><\/p>\n<div id=\"attachment_14106\" style=\"width: 235px\" class=\"wp-caption alignleft\"><a href=\"https:\/\/goethebrasilia.org.br\/site\/wp-content\/uploads\/2018\/12\/Resid\u00eancia-do-Goethe2.jpg\"><img aria-describedby=\"caption-attachment-14106\" decoding=\"async\" loading=\"lazy\" class=\"size-medium wp-image-14106\" src=\"https:\/\/goethebrasilia.org.br\/site\/wp-content\/uploads\/2018\/12\/Resid\u00eancia-do-Goethe2-225x300.jpg\" alt=\"\" width=\"225\" height=\"300\" srcset=\"https:\/\/goethebrasilia.org.br\/site\/wp-content\/uploads\/2018\/12\/Resid\u00eancia-do-Goethe2-225x300.jpg 225w, https:\/\/goethebrasilia.org.br\/site\/wp-content\/uploads\/2018\/12\/Resid\u00eancia-do-Goethe2-768x1024.jpg 768w, https:\/\/goethebrasilia.org.br\/site\/wp-content\/uploads\/2018\/12\/Resid\u00eancia-do-Goethe2.jpg 1512w\" sizes=\"(max-width: 225px) 100vw, 225px\" \/><\/a><p id=\"caption-attachment-14106\" class=\"wp-caption-text\">Resid\u00eancia do Goethe-Institut de Munique na Winfriedstrasse, perto da esta\u00e7\u00e3o de S-Bahn Laim<\/p><\/div>\n<p style=\"text-align: justify;\"><span style=\"font-weight: 400;\">Comprei tamb\u00e9m um cart\u00e3o mensal (IsarCard), mas apenas para a zona central e uma zona a mais, para poder ir e vir das aulas no Goethe-Institut, al\u00e9m de conhecer os principais lugares tur\u00edsticos. Esse mesmo cart\u00e3o d\u00e1 direito a andar, por um m\u00eas, em toda a rede de transporte p\u00fablico (muito pontual, eficiente e de alta qualidade) nessa regi\u00e3o, incluindo S-Bahn, U-Bahn (metr\u00f4), Strassenbahn (VLT\/bonde) e \u00f4nibus. Valor: 55,20 EUR<\/span><\/p>\n<h4><b>N\u00e3o fuja do contato humano<\/b><\/h4>\n<p style=\"text-align: justify;\"><span style=\"font-weight: 400;\">Foi uma \u00f3tima aposta tirar d\u00favidas com um funcion\u00e1rio do sistema de transporte e fazer essa op\u00e7\u00e3o de compra. Depois de me alojar e deixar as malas para tr\u00e1s, pude sair para passear e aproveitar o dia usando o mesmo bilhete. Algo que eu provavelmente n\u00e3o conseguiria fazer se n\u00e3o tivesse conversado com um atendente. \u00c0s vezes, no exterior, a gente acaba evitando o contato humano para n\u00e3o ter de lidar com a barreira lingu\u00edstica: assim, \u00e9 comum preferir um equipamento autom\u00e1tico a uma conversa; uma consulta ao Google Maps a perguntar para algu\u00e9m na rua.<\/span><\/p>\n<div id=\"attachment_14094\" style=\"width: 232px\" class=\"wp-caption alignright\"><a href=\"https:\/\/goethebrasilia.org.br\/site\/wp-content\/uploads\/2018\/12\/Atendentes-e1544108790884.jpg\"><img aria-describedby=\"caption-attachment-14094\" decoding=\"async\" loading=\"lazy\" class=\"size-medium wp-image-14094\" src=\"https:\/\/goethebrasilia.org.br\/site\/wp-content\/uploads\/2018\/12\/Atendentes-222x300.jpg\" alt=\"\" width=\"222\" height=\"300\" \/><\/a><p id=\"caption-attachment-14094\" class=\"wp-caption-text\">Atendentes de lojas e outras institui\u00e7\u00f5es, al\u00e9m de moradores costumam ser muito sol\u00edcitos: n\u00e3o hesite em tirar d\u00favidas e pedir informa\u00e7\u00f5es<\/p><\/div>\n<p style=\"text-align: justify;\"><span style=\"font-weight: 400;\">Diferentemente do que muitos possam pensar (por causa da imagem constru\u00edda a partir de desenhos e filmes), os alem\u00e3es n\u00e3o s\u00e3o bravos ou mal-educados, pelo contr\u00e1rio! Geralmente, s\u00e3o pessoas muito cordiais, gentis e prontas para ajudar (tanto quem fala quanto quem n\u00e3o fala alem\u00e3o). Se voc\u00ea estiver disposto a passar por cima dos estere\u00f3tipos e do estranhamento inicial, entender\u00e1 o que estou falando. E, claro, a experi\u00eancia sempre \u00e9 melhor quando se tem contato e se pega dicas com quem vive no local. Mas isso j\u00e1 \u00e9 assunto para outro post.<\/span><\/p>\n<h4><span style=\"font-weight: 400;\">Bis bald!<\/span><\/h4>\n<h4><span style=\"font-weight: 400;\">Ana Paula Lisboa<\/span><\/h4>\n<h4><span style=\"font-weight: 400;\">Jornalista e aluna do Goethe-Zentrum Bras\u00edlia<\/span><\/h4>\n<h4><\/h4>\n","protected":false},"excerpt":{"rendered":"<p>Acompanhe um di\u00e1rio de viagem e estudos da aluna Ana Paula\u00a0em Munique Hallo Leute! A partir de hoje voce\u0302s acompanhara\u0303o no blog do Goethe-Zentrum Brasi\u0301lia um dia\u0301rio de viagem, estudo, turismo e aprendizado cultural segundo a perspectiva de uma brasileira que est\u00e1 passando um me\u0302s em Munique, capital do estado da Baviera (ou Bav\u00e1ria), na [&hellip;]<\/p>\n","protected":false},"author":9,"featured_media":14108,"comment_status":"open","ping_status":"open","sticky":false,"template":"","format":"standard","meta":{"inline_featured_image":false},"categories":[117],"tags":[],"acf":{"sidebar_banners":false,"sidebar_button_text":"","sidebar_button_link":"","sidebar_button_pos":"after","show_grade_table":[],"related_links_list":false,"related_files_list":false,"set_to_child":false,"slideshow_list":false},"_links":{"self":[{"href":"https:\/\/goethebrasilia.org.br\/de\/wp-json\/wp\/v2\/posts\/14091"}],"collection":[{"href":"https:\/\/goethebrasilia.org.br\/de\/wp-json\/wp\/v2\/posts"}],"about":[{"href":"https:\/\/goethebrasilia.org.br\/de\/wp-json\/wp\/v2\/types\/post"}],"author":[{"embeddable":true,"href":"https:\/\/goethebrasilia.org.br\/de\/wp-json\/wp\/v2\/users\/9"}],"replies":[{"embeddable":true,"href":"https:\/\/goethebrasilia.org.br\/de\/wp-json\/wp\/v2\/comments?post=14091"}],"version-history":[{"count":12,"href":"https:\/\/goethebrasilia.org.br\/de\/wp-json\/wp\/v2\/posts\/14091\/revisions"}],"predecessor-version":[{"id":14124,"href":"https:\/\/goethebrasilia.org.br\/de\/wp-json\/wp\/v2\/posts\/14091\/revisions\/14124"}],"wp:featuredmedia":[{"embeddable":true,"href":"https:\/\/goethebrasilia.org.br\/de\/wp-json\/wp\/v2\/media\/14108"}],"wp:attachment":[{"href":"https:\/\/goethebrasilia.org.br\/de\/wp-json\/wp\/v2\/media?parent=14091"}],"wp:term":[{"taxonomy":"category","embeddable":true,"href":"https:\/\/goethebrasilia.org.br\/de\/wp-json\/wp\/v2\/categories?post=14091"},{"taxonomy":"post_tag","embeddable":true,"href":"https:\/\/goethebrasilia.org.br\/de\/wp-json\/wp\/v2\/tags?post=14091"}],"curies":[{"name":"wp","href":"https:\/\/api.w.org\/{rel}","templated":true}]}}