{"id":12296,"date":"2018-06-01T11:06:14","date_gmt":"2018-06-01T14:06:14","guid":{"rendered":"http:\/\/157.245.141.11\/site\/?p=12296"},"modified":"2020-02-13T17:11:47","modified_gmt":"2020-02-13T20:11:47","slug":"cineasta-do-mes-fritz-lang","status":"publish","type":"post","link":"https:\/\/goethebrasilia.org.br\/de\/blog\/cineasta-do-mes-fritz-lang\/","title":{"rendered":"Cineasta do M\u00eas &#8211; Fritz Lang"},"content":{"rendered":"<h3>Fritz Lang<\/h3>\n<div id=\"attachment_12302\" style=\"width: 250px\" class=\"wp-caption alignleft\"><a href=\"https:\/\/goethebrasilia.org.br\/site\/wp-content\/uploads\/2018\/06\/fritz_lang.jpg\"><img aria-describedby=\"caption-attachment-12302\" decoding=\"async\" loading=\"lazy\" class=\"wp-image-12302 size-medium\" src=\"https:\/\/goethebrasilia.org.br\/site\/wp-content\/uploads\/2018\/06\/fritz_lang-240x300.jpg\" alt=\"\" width=\"240\" height=\"300\" srcset=\"https:\/\/goethebrasilia.org.br\/site\/wp-content\/uploads\/2018\/06\/fritz_lang-240x300.jpg 240w, https:\/\/goethebrasilia.org.br\/site\/wp-content\/uploads\/2018\/06\/fritz_lang.jpg 280w\" sizes=\"(max-width: 240px) 100vw, 240px\" \/><\/a><p id=\"caption-attachment-12302\" class=\"wp-caption-text\"><a href=\"https:\/\/www.cineol.net\/imagen\/40679__Fritz-Lang\">https:\/\/www.cineol.net\/imagen\/40679__Fritz-Lang<\/a><\/p><\/div>\n<p style=\"text-align: justify;\">Friedrich Anton Christian Lang, mais conhecido como Fritz Lang, nasceu em 5 de dezembro de 1890 em Viena, \u00c1ustria. Cineasta, argumentista e produtor, dividiu sua carreira entre a Alemanha e Hollywood. Na Alemanha, foi pioneiro nos filmes expressionistas e no cinema mudo, tendo se tornado grande refer\u00eancia deste movimento, com as obras-primas: &#8222;<em>Metropolis<\/em>&#8222;, de 1927, e &#8222;M, O Vampiro de D\u00fcsseldorf&#8220; de 1931.\u00a0No final dos anos 30, fugindo do nazismo, produziu filmes em Hollywood misturando o expressionismo com hist\u00f3rias de detetives americanos. Seu primeiro filme produzido nos EUA foi &#8222;<em>Fury<\/em>&#8220; (F\u00faria, 1963) <sup>[1]<\/sup>, considerado atualmente uma obra representante do cinema <em>noir<\/em>.<\/p>\n<div id=\"attachment_12304\" style=\"width: 161px\" class=\"wp-caption alignright\"><a href=\"https:\/\/goethebrasilia.org.br\/site\/wp-content\/uploads\/2018\/06\/Metropolisposter.jpg\"><img aria-describedby=\"caption-attachment-12304\" decoding=\"async\" loading=\"lazy\" class=\"wp-image-12304\" src=\"https:\/\/goethebrasilia.org.br\/site\/wp-content\/uploads\/2018\/06\/Metropolisposter-189x300.jpg\" alt=\"\" width=\"151\" height=\"238\" \/><\/a><p id=\"caption-attachment-12304\" class=\"wp-caption-text\">Cartaz do filme &#8222;Metropolis&#8220;, 1927<\/p><\/div>\n<p style=\"text-align: justify;\">Em 2001, a Unesco incluiu o filme &#8222;<em>Metropolis<\/em>&#8220; na lista de patrim\u00f4nio intelectual da humanidade. Esta lista, chamada de <em>Mem\u00f3ria da Humanidade<\/em>, abrange obras de cinema, literatura e artes, que est\u00e3o depositadas em bibliotecas, arquivos, museus, e em outras institui\u00e7\u00f5es culturais, e visa a preserva\u00e7\u00e3o e a conserva\u00e7\u00e3o desta heran\u00e7a cultural para a humanidade. Al\u00e9m de Fritz Lang, fazem parte tamb\u00e9m desta lista outros representantes da cultura alem\u00e3 como Beethoven, Gutenberg e Goethe.<sup>[2]<\/sup><\/p>\n<p style=\"text-align: justify;\">Em 2016 foi lan\u00e7ado nos cinemas alem\u00e3es o longa \u201cFritz Lang\u201d, no qual o diretor Gordian Maugg retrata a vida e a obra do cineasta. Esta cinebiografia foca o in\u00edcio da d\u00e9cada de 30, quando Lang era conhecido como diretor de cinema mudo justamente quando este j\u00e1 estava entrando em desuso com o advindo do som na s\u00e9tima arte. Este per\u00edodo foi decisivo na vida do diretor que estava \u00e0 procura de um material adequado para renova\u00e7\u00e3o de suas produ\u00e7\u00f5es cinematogr\u00e1ficas. \u201cFritz Lang\u201d \u00e9 um longa-metragem de fic\u00e7\u00e3o, por\u00e9m o diretor trabalha sobrepondo imagens originais dos filmes de Fritz Lang com seu document\u00e1rio biogr\u00e1fico <sup>[3]<\/sup>.<\/p>\n<blockquote><p><em>Para mim, o cinema \u00e9 um v\u00edcio. Eu o amo intimamente. Eu sempre acreditei que \u00e9 a arte do nosso s\u00e9culo.<\/em><\/p>\n<h5><em>Fritz Lang<\/em><\/h5>\n<\/blockquote>\n<table style=\"width: 575px;\">\n<tbody>\n<tr>\n<td style=\"width: 575px;\">\n<h4 style=\"text-align: center;\">DICAS DE FILMES<\/h4>\n<\/td>\n<\/tr>\n<tr>\n<td style=\"width: 575px;\">\n<ul>\n<li>Dossi\u00ea Fritz Lang \u2022 1988<\/li>\n<li>Sepulcro Indiano <em>(Das Indische Grabmal)<\/em> \u2022 1959<\/li>\n<li>O Tigre de Bengala <em>(Der Tiger von Eschnapur)<\/em> \u2022 1959<\/li>\n<li>Liliom \u2022 1934<\/li>\n<li>M &#8211; O Vampiro de D\u00fcsseldorf <em>(M &#8211; Eine Stadt sucht einen M\u00f6rder)<\/em> \u2022 1931<\/li>\n<li>Espi\u00f5es <em>(Spione)<\/em> \u2022 1928<\/li>\n<li>Metropolis \u2022 1927<\/li>\n<li>Os Nibelungos &#8211; A Morte de Siegfried <em>(Die Nibelungen: Siegfried)<\/em> \u2022 1923<\/li>\n<li>Os Nibelungos &#8211; A Vingan\u00e7a de Kriemhild<br \/>\n<em>(Die Nibelungen: Kriemhilds Rache)<\/em> \u2022 1924<\/li>\n<li>Dr. Mabuse: O Inferno do crime<br \/>\n<em>(Dr. Mabuse: Inferno, ein Spiel von Menschen unserer Zeit)<\/em> \u2022 1922<\/li>\n<li>Dr. Mabuse: O Jogador <em>(Dr. Mabuse, der Spieler )<\/em> \u2022 1922<\/li>\n<li>A Morte cansada <em>(Der M\u00fcde Tod)<\/em> \u2022 1921<\/li>\n<li>As Aranhas <em>(Die Spinnen)<\/em> \u2022 1920<\/li>\n<\/ul>\n<\/td>\n<\/tr>\n<\/tbody>\n<\/table>\n<h4>Todos estes filmes voc\u00ea encontra em nossa filmoteca. Voc\u00ea pode consultar\u00a0<a href=\"http:\/\/www.acervogoethebrasilia.com.br\/cgi-bin\/wxis.exe?IsisScript=phl83.xis&amp;cipar=phl83.cip&amp;lang=por\" target=\"_blank\" rel=\"noopener noreferrer\">aqui<\/a> o nosso cat\u00e1logo.<\/h4>\n<h4>Fa\u00e7a-nos uma visita e conhe\u00e7a nossa cole\u00e7\u00e3o!<\/h4>\n<h4>Abra\u00e7os!<\/h4>\n<h4>Aninha<\/h4>\n<h4>Bibliotec\u00e1ria Goethe-Zentrum Bras\u00edlia<\/h4>\n<p>&nbsp;<\/p>\n<p>Fontes consultadas:<\/p>\n<p><sup>[1]<\/sup>\u00a0<a href=\"https:\/\/www.cantodosclassicos.com\/10-melhores-filmes-de-fritz-lang\/\" target=\"_blank\" rel=\"noopener noreferrer\">Os 10 melhores filmes de Fritz Lang<\/a><\/p>\n<p><sup>[2]\u00a0<\/sup><a href=\"http:\/\/www.dw.com\/pt-br\/cl%C3%A1ssico-de-fritz-lang-faz-parte-da-mem%C3%B3ria-da-humanidade\/a-321797\" target=\"_blank\" rel=\"noopener noreferrer\">Cl\u00e1ssico de Fritz Lang faz parte da mem\u00f3ria da humanidade<\/a><\/p>\n<p><sup>[3]<\/sup> <a href=\"http:\/\/www.dw.com\/pt-br\/cinebiografia-de-fritz-lang\/g-19185055\" target=\"_blank\" rel=\"noopener noreferrer\">Cinebiografia de Fritz Lang<\/a><\/p>\n<p>&nbsp;<\/p>\n<p>&nbsp;<\/p>\n","protected":false},"excerpt":{"rendered":"<p>Fritz Lang Friedrich Anton Christian Lang, mais conhecido como Fritz Lang, nasceu em 5 de dezembro de 1890 em Viena, \u00c1ustria. Cineasta, argumentista e produtor, dividiu sua carreira entre a Alemanha e Hollywood. Na Alemanha, foi pioneiro nos filmes expressionistas e no cinema mudo, tendo se tornado grande refer\u00eancia deste movimento, com as obras-primas: &#8222;Metropolis&#8222;, [&hellip;]<\/p>\n","protected":false},"author":9,"featured_media":11814,"comment_status":"open","ping_status":"open","sticky":false,"template":"","format":"standard","meta":{"inline_featured_image":false},"categories":[112],"tags":[],"acf":{"sidebar_banners":false,"sidebar_button_text":"","sidebar_button_link":"","sidebar_button_pos":"after","show_grade_table":[],"related_links_list":false,"related_files_list":false,"set_to_child":false,"slideshow_list":false},"_links":{"self":[{"href":"https:\/\/goethebrasilia.org.br\/de\/wp-json\/wp\/v2\/posts\/12296"}],"collection":[{"href":"https:\/\/goethebrasilia.org.br\/de\/wp-json\/wp\/v2\/posts"}],"about":[{"href":"https:\/\/goethebrasilia.org.br\/de\/wp-json\/wp\/v2\/types\/post"}],"author":[{"embeddable":true,"href":"https:\/\/goethebrasilia.org.br\/de\/wp-json\/wp\/v2\/users\/9"}],"replies":[{"embeddable":true,"href":"https:\/\/goethebrasilia.org.br\/de\/wp-json\/wp\/v2\/comments?post=12296"}],"version-history":[{"count":26,"href":"https:\/\/goethebrasilia.org.br\/de\/wp-json\/wp\/v2\/posts\/12296\/revisions"}],"predecessor-version":[{"id":17050,"href":"https:\/\/goethebrasilia.org.br\/de\/wp-json\/wp\/v2\/posts\/12296\/revisions\/17050"}],"wp:featuredmedia":[{"embeddable":true,"href":"https:\/\/goethebrasilia.org.br\/de\/wp-json\/wp\/v2\/media\/11814"}],"wp:attachment":[{"href":"https:\/\/goethebrasilia.org.br\/de\/wp-json\/wp\/v2\/media?parent=12296"}],"wp:term":[{"taxonomy":"category","embeddable":true,"href":"https:\/\/goethebrasilia.org.br\/de\/wp-json\/wp\/v2\/categories?post=12296"},{"taxonomy":"post_tag","embeddable":true,"href":"https:\/\/goethebrasilia.org.br\/de\/wp-json\/wp\/v2\/tags?post=12296"}],"curies":[{"name":"wp","href":"https:\/\/api.w.org\/{rel}","templated":true}]}}