{"id":11141,"date":"2018-02-19T11:31:04","date_gmt":"2018-02-19T14:31:04","guid":{"rendered":"http:\/\/157.245.141.11\/site\/?p=11141"},"modified":"2018-04-23T10:54:33","modified_gmt":"2018-04-23T13:54:33","slug":"onde-esta-neuer","status":"publish","type":"post","link":"https:\/\/goethebrasilia.org.br\/de\/blog\/onde-esta-neuer\/","title":{"rendered":"Onde est\u00e1 Neuer?"},"content":{"rendered":"<table style=\"width: 493.851px;\">\n<tbody>\n<tr>\n<td style=\"width: 10px;\">\n<h4 style=\"text-align: center;\">UNIVERSIDADE DE LEIPZIG<\/h4>\n<\/td>\n<\/tr>\n<tr>\n<td style=\"width: 10px;\">\n<h4><a href=\"https:\/\/goethebrasilia.org.br\/site\/wp-content\/uploads\/2018\/02\/Uni-Leipzig.png\"><img decoding=\"async\" loading=\"lazy\" class=\"wp-image-11148 aligncenter\" src=\"https:\/\/goethebrasilia.org.br\/site\/wp-content\/uploads\/2018\/02\/Uni-Leipzig-300x183.png\" alt=\"\" width=\"385\" height=\"234\" srcset=\"https:\/\/goethebrasilia.org.br\/site\/wp-content\/uploads\/2018\/02\/Uni-Leipzig-300x183.png 300w, https:\/\/goethebrasilia.org.br\/site\/wp-content\/uploads\/2018\/02\/Uni-Leipzig.png 465w\" sizes=\"(max-width: 385px) 100vw, 385px\" \/><\/a><\/h4>\n<\/td>\n<\/tr>\n<tr>\n<td style=\"width: 10px;\">\n<p style=\"text-align: justify;\">Goethe, Nietzsche e Angela Merkel estudaram l\u00e1. Sim! S\u00e3o mais de 600 anos de tradi\u00e7\u00e3o. Na Alemanha, o antigo e o moderno andam juntos, e nesse campus da Universidade de Leipzig n\u00e3o poderia ser diferente. Sua reconstru\u00e7\u00e3o foi iniciada em 2005, na Augustusplatz, onde ficava a Igreja St. Pauli, derrubada pelo regime comunista em 1968.<\/p>\n<p style=\"text-align: justify;\">O novo campus se destaca pela arquitetura e pelo conjunto de rochas ornamentais e vidros em sua fachada. O interior abriga audit\u00f3rios, salas de aula e espa\u00e7o de ora\u00e7\u00f5es. A Universidade de Leipzig \u00e9 uma das faculdades mais conceituadas do pa\u00eds.<\/p>\n<p style=\"text-align: justify;\">Nada mal estudar l\u00e1, hein?<\/p>\n<\/td>\n<\/tr>\n<tr>\n<td style=\"width: 10px;\">\n<h4 style=\"text-align: center;\">BAUHAUS<\/h4>\n<\/td>\n<\/tr>\n<tr>\n<td style=\"width: 10px;\">\n<h4 style=\"text-align: center;\"><a href=\"https:\/\/goethebrasilia.org.br\/site\/wp-content\/uploads\/2018\/02\/Bauhaus.png\"><img decoding=\"async\" loading=\"lazy\" class=\"wp-image-11145 size-medium aligncenter\" src=\"https:\/\/goethebrasilia.org.br\/site\/wp-content\/uploads\/2018\/02\/Bauhaus-300x252.png\" alt=\"\" width=\"300\" height=\"252\" srcset=\"https:\/\/goethebrasilia.org.br\/site\/wp-content\/uploads\/2018\/02\/Bauhaus-300x252.png 300w, https:\/\/goethebrasilia.org.br\/site\/wp-content\/uploads\/2018\/02\/Bauhaus.png 309w\" sizes=\"(max-width: 300px) 100vw, 300px\" \/><\/a><\/h4>\n<\/td>\n<\/tr>\n<tr>\n<td style=\"width: 10px;\">\n<p style=\"text-align: justify;\">Talvez voc\u00ea n\u00e3o saiba, mas essa escola alem\u00e3 faz mais parte do seu dia a dia do que voc\u00ea imagina. A Bauhaus foi criada em 1919, em Weimar, unindo design, artes pl\u00e1sticas, artesanato e arquitetura em seu m\u00e9todo de ensino.<\/p>\n<p style=\"text-align: justify;\">A escola revolucionou a hist\u00f3ria do design e se tornou a mais expressiva dentro do modernismo. E d\u00e1 para observar suas linhas aqui em Bras\u00edlia! V\u00e1rias obras do Plano Piloto t\u00eam essa influ\u00eancia.<\/p>\n<\/td>\n<\/tr>\n<\/tbody>\n<\/table>\n<h4><\/h4>\n<p><a href=\"https:\/\/goethebrasilia.org.br\/site\/wp-content\/uploads\/2018\/01\/ilustra\u00e7\u00e3o.png\"><img decoding=\"async\" loading=\"lazy\" class=\"size-medium wp-image-10653 alignleft\" src=\"https:\/\/goethebrasilia.org.br\/site\/wp-content\/uploads\/2018\/01\/ilustra\u00e7\u00e3o-300x155.png\" alt=\"\" width=\"300\" height=\"155\" srcset=\"https:\/\/goethebrasilia.org.br\/site\/wp-content\/uploads\/2018\/01\/ilustra\u00e7\u00e3o-300x155.png 300w, https:\/\/goethebrasilia.org.br\/site\/wp-content\/uploads\/2018\/01\/ilustra\u00e7\u00e3o-768x396.png 768w, https:\/\/goethebrasilia.org.br\/site\/wp-content\/uploads\/2018\/01\/ilustra\u00e7\u00e3o.png 898w\" sizes=\"(max-width: 300px) 100vw, 300px\" \/><\/a>Essa a\u00ed \u00e9 a ilustra\u00e7\u00e3o da nossa campanha publicit\u00e1ria de 2018: &#8222;<strong>Deutsch bewegt. Beweg dich! O alem\u00e3o move. Mova-se<\/strong>!&#8220;.<\/p>\n<p>Reconhece algu\u00e9m, ou alguma coisa? Goethe, Einstein, Neuer,&#8230; esses s\u00e3o alem\u00e3es famosos e inesquec\u00edveis! E quem j\u00e1 foi na Alemanha com certeza andou de <em>Stra\u00dfenbahn, <\/em>ou<em> Tram, <\/em>como se fala em Berlim, este bonde super moderno que percorre quase todas as cidades de l\u00e1.<\/p>\n<p>&nbsp;<\/p>\n","protected":false},"excerpt":{"rendered":"<p>UNIVERSIDADE DE LEIPZIG Goethe, Nietzsche e Angela Merkel estudaram l\u00e1. Sim! S\u00e3o mais de 600 anos de tradi\u00e7\u00e3o. Na Alemanha, o antigo e o moderno andam juntos, e nesse campus da Universidade de Leipzig n\u00e3o poderia ser diferente. Sua reconstru\u00e7\u00e3o foi iniciada em 2005, na Augustusplatz, onde ficava a Igreja St. Pauli, derrubada pelo regime [&hellip;]<\/p>\n","protected":false},"author":9,"featured_media":10653,"comment_status":"open","ping_status":"open","sticky":false,"template":"","format":"standard","meta":{"inline_featured_image":false},"categories":[160],"tags":[],"acf":{"sidebar_banners":false,"sidebar_button_text":"","sidebar_button_link":"","sidebar_button_pos":"after","show_grade_table":[],"related_links_list":false,"related_files_list":false,"set_to_child":false,"slideshow_list":false},"_links":{"self":[{"href":"https:\/\/goethebrasilia.org.br\/de\/wp-json\/wp\/v2\/posts\/11141"}],"collection":[{"href":"https:\/\/goethebrasilia.org.br\/de\/wp-json\/wp\/v2\/posts"}],"about":[{"href":"https:\/\/goethebrasilia.org.br\/de\/wp-json\/wp\/v2\/types\/post"}],"author":[{"embeddable":true,"href":"https:\/\/goethebrasilia.org.br\/de\/wp-json\/wp\/v2\/users\/9"}],"replies":[{"embeddable":true,"href":"https:\/\/goethebrasilia.org.br\/de\/wp-json\/wp\/v2\/comments?post=11141"}],"version-history":[{"count":20,"href":"https:\/\/goethebrasilia.org.br\/de\/wp-json\/wp\/v2\/posts\/11141\/revisions"}],"predecessor-version":[{"id":11972,"href":"https:\/\/goethebrasilia.org.br\/de\/wp-json\/wp\/v2\/posts\/11141\/revisions\/11972"}],"wp:featuredmedia":[{"embeddable":true,"href":"https:\/\/goethebrasilia.org.br\/de\/wp-json\/wp\/v2\/media\/10653"}],"wp:attachment":[{"href":"https:\/\/goethebrasilia.org.br\/de\/wp-json\/wp\/v2\/media?parent=11141"}],"wp:term":[{"taxonomy":"category","embeddable":true,"href":"https:\/\/goethebrasilia.org.br\/de\/wp-json\/wp\/v2\/categories?post=11141"},{"taxonomy":"post_tag","embeddable":true,"href":"https:\/\/goethebrasilia.org.br\/de\/wp-json\/wp\/v2\/tags?post=11141"}],"curies":[{"name":"wp","href":"https:\/\/api.w.org\/{rel}","templated":true}]}}