{"id":10652,"date":"2018-01-29T10:50:41","date_gmt":"2018-01-29T13:50:41","guid":{"rendered":"http:\/\/157.245.141.11\/site\/?p=10652"},"modified":"2018-01-31T15:04:21","modified_gmt":"2018-01-31T18:04:21","slug":"wissen-bewegt","status":"publish","type":"post","link":"https:\/\/goethebrasilia.org.br\/de\/blog\/wissen-bewegt\/","title":{"rendered":"Wissen bewegt. O conhecimento move."},"content":{"rendered":"<h4>O CONHECIMENTO MOVE. MOVA-SE!<\/h4>\n<p style=\"text-align: justify;\">Quem fala alem\u00e3o adquire conhecimento em \u00e1reas mais vastas de atua\u00e7\u00e3o. A Alemanha \u00e9 um dos pa\u00edses que lidera o desenvolvimento de tecnologias para energias renov\u00e1veis, como energia solar, e j\u00e1 planeja abandonar o uso de energias provenientes da queima de carv\u00e3o e de usinas nucleares. Em \u00e1reas como engenharia mec\u00e2nica, a Alemanha possui as marcas mais tops do mercado, e tem tudo para ser a n\u00famero 1 na ind\u00fastria automobil\u00edstica no futuro \u2013 levando em conta sua reputa\u00e7\u00e3o de ter uma engenharia de ponta e o hist\u00f3rico em automa\u00e7\u00e3o, energia limpa e alta tecnologia.<\/p>\n<p style=\"text-align: justify;\">Conhecer, saber, pesquisar, buscar respostas, especialmente no que diz respeito \u00e0s inova\u00e7\u00f5es &#8211; quando o novo conhecimento \u00e9 gerado e combinado com o conhecimento existente \u2013 significa dominar, estar \u00e0 frente de seu tempo. Assim, aprender alem\u00e3o \u00e9 uma forma eficaz de avan\u00e7ar nesta jornada de busca por conhecimento.<\/p>\n<p>&nbsp;<\/p>\n<div id=\"fb-root\"><\/div>\n<p><script>(function(d, s, id) {  var js, fjs = d.getElementsByTagName(s)[0];  if (d.getElementById(id)) return;  js = d.createElement(s); js.id = id;  js.src = 'https:\/\/connect.facebook.net\/en_US\/sdk.js#xfbml=1&version=v2.12';  fjs.parentNode.insertBefore(js, fjs);}(document, 'script', 'facebook-jssdk'));<\/script><\/p>\n<div class=\"fb-video\" data-href=\"https:\/\/www.facebook.com\/Goethe.Brasilia\/videos\/1653132624709536\/\" data-width=\"500\">\n<blockquote cite=\"https:\/\/www.facebook.com\/Goethe.Brasilia\/videos\/1653132624709536\/\" class=\"fb-xfbml-parse-ignore\"><p><a href=\"https:\/\/www.facebook.com\/Goethe.Brasilia\/videos\/1653132624709536\/\">Matr\u00edculas Abertas!<\/a><\/p>\n<p>Com o alem\u00e3o, voc\u00ea consegue dar um impulso na carreira, estudar fora e at\u00e9 vencer um desafio pessoal. Seja qual for o seu objetivo, voc\u00ea chega l\u00e1! E aqui no Goethe-Zentrum Bras\u00edlia, a experi\u00eancia \u00e9 ainda maior. Vem saber com os nossos alunos como \u00e9 estudar alem\u00e3o com a gente!Para quem n\u00e3o quer perder mais tempo, temos desconto nas matr\u00edculas realizadas at\u00e9 o dia 18\/01.<\/p>\n<p>Posted by <a href=\"https:\/\/www.facebook.com\/Goethe.Brasilia\/\">Goethe-Zentrum Bras\u00edlia<\/a> on Friday, January 12, 2018<\/p><\/blockquote>\n<\/div>\n","protected":false},"excerpt":{"rendered":"<p>O CONHECIMENTO MOVE. MOVA-SE! Quem fala alem\u00e3o adquire conhecimento em \u00e1reas mais vastas de atua\u00e7\u00e3o. A Alemanha \u00e9 um dos pa\u00edses que lidera o desenvolvimento de tecnologias para energias renov\u00e1veis, como energia solar, e j\u00e1 planeja abandonar o uso de energias provenientes da queima de carv\u00e3o e de usinas nucleares. Em \u00e1reas como engenharia mec\u00e2nica, [&hellip;]<\/p>\n","protected":false},"author":9,"featured_media":10751,"comment_status":"open","ping_status":"open","sticky":false,"template":"","format":"standard","meta":{"inline_featured_image":false},"categories":[160],"tags":[],"acf":{"sidebar_banners":false,"sidebar_button_text":"","sidebar_button_link":"","sidebar_button_pos":"after","show_grade_table":[],"related_links_list":false,"related_files_list":false,"set_to_child":false,"slideshow_list":false},"_links":{"self":[{"href":"https:\/\/goethebrasilia.org.br\/de\/wp-json\/wp\/v2\/posts\/10652"}],"collection":[{"href":"https:\/\/goethebrasilia.org.br\/de\/wp-json\/wp\/v2\/posts"}],"about":[{"href":"https:\/\/goethebrasilia.org.br\/de\/wp-json\/wp\/v2\/types\/post"}],"author":[{"embeddable":true,"href":"https:\/\/goethebrasilia.org.br\/de\/wp-json\/wp\/v2\/users\/9"}],"replies":[{"embeddable":true,"href":"https:\/\/goethebrasilia.org.br\/de\/wp-json\/wp\/v2\/comments?post=10652"}],"version-history":[{"count":12,"href":"https:\/\/goethebrasilia.org.br\/de\/wp-json\/wp\/v2\/posts\/10652\/revisions"}],"predecessor-version":[{"id":10769,"href":"https:\/\/goethebrasilia.org.br\/de\/wp-json\/wp\/v2\/posts\/10652\/revisions\/10769"}],"wp:featuredmedia":[{"embeddable":true,"href":"https:\/\/goethebrasilia.org.br\/de\/wp-json\/wp\/v2\/media\/10751"}],"wp:attachment":[{"href":"https:\/\/goethebrasilia.org.br\/de\/wp-json\/wp\/v2\/media?parent=10652"}],"wp:term":[{"taxonomy":"category","embeddable":true,"href":"https:\/\/goethebrasilia.org.br\/de\/wp-json\/wp\/v2\/categories?post=10652"},{"taxonomy":"post_tag","embeddable":true,"href":"https:\/\/goethebrasilia.org.br\/de\/wp-json\/wp\/v2\/tags?post=10652"}],"curies":[{"name":"wp","href":"https:\/\/api.w.org\/{rel}","templated":true}]}}